{"id":1769,"date":"2022-03-28T09:37:52","date_gmt":"2022-03-28T09:37:52","guid":{"rendered":"https:\/\/ebakislicer.com\/2022\/03\/28\/feria-rennes-cfia-2022\/"},"modified":"2022-03-28T09:39:05","modified_gmt":"2022-03-28T09:39:05","slug":"feria-rennes-cfia-2022","status":"publish","type":"post","link":"https:\/\/ebakislicer.com\/pt-br\/2022\/03\/28\/feria-rennes-cfia-2022\/","title":{"rendered":"RENNES CFIA 2022"},"content":{"rendered":"<p>Mais uma vez a DIMAQ participou da feira da CFIA, realizada em Rennes de 8 a 10 de mar\u00e7o. . Esta edi\u00e7\u00e3o foi muito especial por ter sido celebrada 25 anos desde sua inaugura\u00e7\u00e3o em 1998, sendo atualmente considerada como o evento mais importante do setor agroalimentar na Fran\u00e7a.<br \/>\nA feira conta com 3 divis\u00f5es: Ingredientes e PAI; Equipamentos e Processos; Envases e Embalagens.<br \/>\nO setor agroalimentar continua sendo o motor econ\u00f4mico mais importante da regi\u00e3o: Bretanha \u00e9 a primeira regi\u00e3o agr\u00edcola francesa e o primeiro setor industrial por volume de neg\u00f3cios, n\u00famero de empresas e emprego (43% das empresas e um ter\u00e7o dos empregos industriais).<br \/>\nNa Fran\u00e7a, a zona ocidental \u00e9 a primeira regi\u00e3o em termos de investimento agroalimentar e um dos principais centros europeus.<br \/>\nAs atividades de transforma\u00e7\u00e3o t\u00eam um papel importante, mostrando interesse pelas novas tend\u00eancias e tecnologia, al\u00e9m da constante adapta\u00e7\u00e3o aos padr\u00f5es atuais. Assim, a ACIA desempenha um papel essencial nesta din\u00e2mica, ao reunir todos os elos da cadeia com ofertas e solu\u00e7\u00f5es para todas as etapas da transforma\u00e7\u00e3o agroalimentar.<\/p>\n","protected":false},"excerpt":{"rendered":"<p>Mais uma vez a DIMAQ participou da feira da CFIA, [&hellip;]<\/p>\n","protected":false},"author":2,"featured_media":1760,"comment_status":"closed","ping_status":"closed","sticky":false,"template":"","format":"standard","meta":{"footnotes":""},"categories":[69],"tags":[84,93],"class_list":["post-1769","post","type-post","status-publish","format-standard","has-post-thumbnail","hentry","category-maquinaria-de-alimentacao","tag-alimentacion-pt-br","tag-feria-en-pt-br"],"yoast_head":"<!-- This site is optimized with the Yoast SEO plugin v27.5 - https:\/\/yoast.com\/product\/yoast-seo-wordpress\/ -->\n<title>RENNES CFIA 2022 - EBAKI Fileteadora Industrial de Pollo y Carne | Cortadora Horizontal<\/title>\n<meta name=\"robots\" content=\"index, follow, max-snippet:-1, max-image-preview:large, max-video-preview:-1\" \/>\n<link rel=\"canonical\" href=\"https:\/\/ebakislicer.com\/pt-br\/2022\/03\/28\/feria-rennes-cfia-2022\/\" \/>\n<meta property=\"og:locale\" content=\"pt_BR\" \/>\n<meta property=\"og:type\" content=\"article\" \/>\n<meta property=\"og:title\" content=\"RENNES CFIA 2022 - EBAKI Fileteadora Industrial de Pollo y Carne | Cortadora Horizontal\" \/>\n<meta property=\"og:description\" content=\"Mais uma vez a DIMAQ participou da feira da CFIA, [&hellip;]\" \/>\n<meta property=\"og:url\" content=\"https:\/\/ebakislicer.com\/pt-br\/2022\/03\/28\/feria-rennes-cfia-2022\/\" \/>\n<meta property=\"og:site_name\" content=\"EBAKI Fileteadora Industrial de Pollo y Carne | Cortadora Horizontal\" \/>\n<meta property=\"article:published_time\" content=\"2022-03-28T09:37:52+00:00\" \/>\n<meta property=\"article:modified_time\" content=\"2022-03-28T09:39:05+00:00\" \/>\n<meta property=\"og:image\" content=\"https:\/\/ebakislicer.com\/wp-content\/uploads\/2022\/03\/cfia-rennes2022.jpg\" \/>\n\t<meta property=\"og:image:width\" content=\"850\" \/>\n\t<meta property=\"og:image:height\" content=\"637\" \/>\n\t<meta property=\"og:image:type\" content=\"image\/jpeg\" \/>\n<meta name=\"author\" content=\"Mila\" \/>\n<meta name=\"twitter:card\" content=\"summary_large_image\" \/>\n<meta name=\"twitter:label1\" content=\"Escrito por\" \/>\n\t<meta name=\"twitter:data1\" content=\"Mila\" \/>\n\t<meta name=\"twitter:label2\" content=\"Est. tempo de leitura\" \/>\n\t<meta name=\"twitter:data2\" content=\"1 minuto\" \/>\n<script type=\"application\/ld+json\" class=\"yoast-schema-graph\">{\"@context\":\"https:\\\/\\\/schema.org\",\"@graph\":[{\"@type\":\"Article\",\"@id\":\"https:\\\/\\\/ebakislicer.com\\\/pt-br\\\/2022\\\/03\\\/28\\\/feria-rennes-cfia-2022\\\/#article\",\"isPartOf\":{\"@id\":\"https:\\\/\\\/ebakislicer.com\\\/pt-br\\\/2022\\\/03\\\/28\\\/feria-rennes-cfia-2022\\\/\"},\"author\":{\"name\":\"Mila\",\"@id\":\"https:\\\/\\\/ebakislicer.com\\\/#\\\/schema\\\/person\\\/fa1c44d6ef0eb49a86457fce0fa1dd16\"},\"headline\":\"RENNES CFIA 2022\",\"datePublished\":\"2022-03-28T09:37:52+00:00\",\"dateModified\":\"2022-03-28T09:39:05+00:00\",\"mainEntityOfPage\":{\"@id\":\"https:\\\/\\\/ebakislicer.com\\\/pt-br\\\/2022\\\/03\\\/28\\\/feria-rennes-cfia-2022\\\/\"},\"wordCount\":191,\"publisher\":{\"@id\":\"https:\\\/\\\/ebakislicer.com\\\/#organization\"},\"image\":{\"@id\":\"https:\\\/\\\/ebakislicer.com\\\/pt-br\\\/2022\\\/03\\\/28\\\/feria-rennes-cfia-2022\\\/#primaryimage\"},\"thumbnailUrl\":\"https:\\\/\\\/ebakislicer.com\\\/wp-content\\\/uploads\\\/2022\\\/03\\\/cfia-rennes2022.jpg\",\"keywords\":[\"alimentaci\u00f3n\",\"feria\"],\"articleSection\":[\"Maquinaria de alimenta\u00e7\u00e3o\"],\"inLanguage\":\"pt-BR\"},{\"@type\":\"WebPage\",\"@id\":\"https:\\\/\\\/ebakislicer.com\\\/pt-br\\\/2022\\\/03\\\/28\\\/feria-rennes-cfia-2022\\\/\",\"url\":\"https:\\\/\\\/ebakislicer.com\\\/pt-br\\\/2022\\\/03\\\/28\\\/feria-rennes-cfia-2022\\\/\",\"name\":\"RENNES CFIA 2022 - EBAKI Fileteadora Industrial de Pollo y Carne | Cortadora Horizontal\",\"isPartOf\":{\"@id\":\"https:\\\/\\\/ebakislicer.com\\\/#website\"},\"primaryImageOfPage\":{\"@id\":\"https:\\\/\\\/ebakislicer.com\\\/pt-br\\\/2022\\\/03\\\/28\\\/feria-rennes-cfia-2022\\\/#primaryimage\"},\"image\":{\"@id\":\"https:\\\/\\\/ebakislicer.com\\\/pt-br\\\/2022\\\/03\\\/28\\\/feria-rennes-cfia-2022\\\/#primaryimage\"},\"thumbnailUrl\":\"https:\\\/\\\/ebakislicer.com\\\/wp-content\\\/uploads\\\/2022\\\/03\\\/cfia-rennes2022.jpg\",\"datePublished\":\"2022-03-28T09:37:52+00:00\",\"dateModified\":\"2022-03-28T09:39:05+00:00\",\"breadcrumb\":{\"@id\":\"https:\\\/\\\/ebakislicer.com\\\/pt-br\\\/2022\\\/03\\\/28\\\/feria-rennes-cfia-2022\\\/#breadcrumb\"},\"inLanguage\":\"pt-BR\",\"potentialAction\":[{\"@type\":\"ReadAction\",\"target\":[\"https:\\\/\\\/ebakislicer.com\\\/pt-br\\\/2022\\\/03\\\/28\\\/feria-rennes-cfia-2022\\\/\"]}]},{\"@type\":\"ImageObject\",\"inLanguage\":\"pt-BR\",\"@id\":\"https:\\\/\\\/ebakislicer.com\\\/pt-br\\\/2022\\\/03\\\/28\\\/feria-rennes-cfia-2022\\\/#primaryimage\",\"url\":\"https:\\\/\\\/ebakislicer.com\\\/wp-content\\\/uploads\\\/2022\\\/03\\\/cfia-rennes2022.jpg\",\"contentUrl\":\"https:\\\/\\\/ebakislicer.com\\\/wp-content\\\/uploads\\\/2022\\\/03\\\/cfia-rennes2022.jpg\",\"width\":850,\"height\":637,\"caption\":\"Feria de alimentaci\u00f3n Cfia Rennes (Francia)\"},{\"@type\":\"BreadcrumbList\",\"@id\":\"https:\\\/\\\/ebakislicer.com\\\/pt-br\\\/2022\\\/03\\\/28\\\/feria-rennes-cfia-2022\\\/#breadcrumb\",\"itemListElement\":[{\"@type\":\"ListItem\",\"position\":1,\"name\":\"Portada\",\"item\":\"https:\\\/\\\/ebakislicer.com\\\/pt-br\\\/\"},{\"@type\":\"ListItem\",\"position\":2,\"name\":\"RENNES CFIA 2022\"}]},{\"@type\":\"WebSite\",\"@id\":\"https:\\\/\\\/ebakislicer.com\\\/#website\",\"url\":\"https:\\\/\\\/ebakislicer.com\\\/\",\"name\":\"Ebakislicer - Fileteadora horizontal de carne\",\"description\":\"EBAKI: fileteadora industrial de pollo y carne sin hueso. Cortadora horizontal\",\"publisher\":{\"@id\":\"https:\\\/\\\/ebakislicer.com\\\/#organization\"},\"alternateName\":\"EBAKI \u2013 Fileteadora de pollo\",\"potentialAction\":[{\"@type\":\"SearchAction\",\"target\":{\"@type\":\"EntryPoint\",\"urlTemplate\":\"https:\\\/\\\/ebakislicer.com\\\/?s={search_term_string}\"},\"query-input\":{\"@type\":\"PropertyValueSpecification\",\"valueRequired\":true,\"valueName\":\"search_term_string\"}}],\"inLanguage\":\"pt-BR\"},{\"@type\":\"Organization\",\"@id\":\"https:\\\/\\\/ebakislicer.com\\\/#organization\",\"name\":\"Ebakislicer - Fileteadora horizontal de carne\",\"url\":\"https:\\\/\\\/ebakislicer.com\\\/\",\"logo\":{\"@type\":\"ImageObject\",\"inLanguage\":\"pt-BR\",\"@id\":\"https:\\\/\\\/ebakislicer.com\\\/#\\\/schema\\\/logo\\\/image\\\/\",\"url\":\"https:\\\/\\\/ebakislicer.com\\\/wp-content\\\/uploads\\\/2025\\\/07\\\/EBAKI-logo.png\",\"contentUrl\":\"https:\\\/\\\/ebakislicer.com\\\/wp-content\\\/uploads\\\/2025\\\/07\\\/EBAKI-logo.png\",\"width\":2362,\"height\":720,\"caption\":\"Ebakislicer - Fileteadora horizontal de carne\"},\"image\":{\"@id\":\"https:\\\/\\\/ebakislicer.com\\\/#\\\/schema\\\/logo\\\/image\\\/\"},\"sameAs\":[\"https:\\\/\\\/www.instagram.com\\\/dimaq.ebaki\\\/\",\"https:\\\/\\\/www.linkedin.com\\\/company\\\/dimaq-xxi-s-l\",\"https:\\\/\\\/www.youtube.com\\\/@DIMAQXXI\"]},{\"@type\":\"Person\",\"@id\":\"https:\\\/\\\/ebakislicer.com\\\/#\\\/schema\\\/person\\\/fa1c44d6ef0eb49a86457fce0fa1dd16\",\"name\":\"Mila\",\"image\":{\"@type\":\"ImageObject\",\"inLanguage\":\"pt-BR\",\"@id\":\"https:\\\/\\\/secure.gravatar.com\\\/avatar\\\/68fc130d14ef4894cfcbfc73b8194d8b5c904d3b4e41ad63f52e5a762fa9613c?s=96&d=mm&r=g\",\"url\":\"https:\\\/\\\/secure.gravatar.com\\\/avatar\\\/68fc130d14ef4894cfcbfc73b8194d8b5c904d3b4e41ad63f52e5a762fa9613c?s=96&d=mm&r=g\",\"contentUrl\":\"https:\\\/\\\/secure.gravatar.com\\\/avatar\\\/68fc130d14ef4894cfcbfc73b8194d8b5c904d3b4e41ad63f52e5a762fa9613c?s=96&d=mm&r=g\",\"caption\":\"Mila\"},\"url\":\"https:\\\/\\\/ebakislicer.com\\\/pt-br\\\/author\\\/mila\\\/\"}]}<\/script>\n<!-- \/ Yoast SEO plugin. -->","yoast_head_json":{"title":"RENNES CFIA 2022 - EBAKI Fileteadora Industrial de Pollo y Carne | Cortadora Horizontal","robots":{"index":"index","follow":"follow","max-snippet":"max-snippet:-1","max-image-preview":"max-image-preview:large","max-video-preview":"max-video-preview:-1"},"canonical":"https:\/\/ebakislicer.com\/pt-br\/2022\/03\/28\/feria-rennes-cfia-2022\/","og_locale":"pt_BR","og_type":"article","og_title":"RENNES CFIA 2022 - EBAKI Fileteadora Industrial de Pollo y Carne | Cortadora Horizontal","og_description":"Mais uma vez a DIMAQ participou da feira da CFIA, [&hellip;]","og_url":"https:\/\/ebakislicer.com\/pt-br\/2022\/03\/28\/feria-rennes-cfia-2022\/","og_site_name":"EBAKI Fileteadora Industrial de Pollo y Carne | Cortadora Horizontal","article_published_time":"2022-03-28T09:37:52+00:00","article_modified_time":"2022-03-28T09:39:05+00:00","og_image":[{"width":850,"height":637,"url":"https:\/\/ebakislicer.com\/wp-content\/uploads\/2022\/03\/cfia-rennes2022.jpg","type":"image\/jpeg"}],"author":"Mila","twitter_card":"summary_large_image","twitter_misc":{"Escrito por":"Mila","Est. tempo de leitura":"1 minuto"},"schema":{"@context":"https:\/\/schema.org","@graph":[{"@type":"Article","@id":"https:\/\/ebakislicer.com\/pt-br\/2022\/03\/28\/feria-rennes-cfia-2022\/#article","isPartOf":{"@id":"https:\/\/ebakislicer.com\/pt-br\/2022\/03\/28\/feria-rennes-cfia-2022\/"},"author":{"name":"Mila","@id":"https:\/\/ebakislicer.com\/#\/schema\/person\/fa1c44d6ef0eb49a86457fce0fa1dd16"},"headline":"RENNES CFIA 2022","datePublished":"2022-03-28T09:37:52+00:00","dateModified":"2022-03-28T09:39:05+00:00","mainEntityOfPage":{"@id":"https:\/\/ebakislicer.com\/pt-br\/2022\/03\/28\/feria-rennes-cfia-2022\/"},"wordCount":191,"publisher":{"@id":"https:\/\/ebakislicer.com\/#organization"},"image":{"@id":"https:\/\/ebakislicer.com\/pt-br\/2022\/03\/28\/feria-rennes-cfia-2022\/#primaryimage"},"thumbnailUrl":"https:\/\/ebakislicer.com\/wp-content\/uploads\/2022\/03\/cfia-rennes2022.jpg","keywords":["alimentaci\u00f3n","feria"],"articleSection":["Maquinaria de alimenta\u00e7\u00e3o"],"inLanguage":"pt-BR"},{"@type":"WebPage","@id":"https:\/\/ebakislicer.com\/pt-br\/2022\/03\/28\/feria-rennes-cfia-2022\/","url":"https:\/\/ebakislicer.com\/pt-br\/2022\/03\/28\/feria-rennes-cfia-2022\/","name":"RENNES CFIA 2022 - EBAKI Fileteadora Industrial de Pollo y Carne | Cortadora Horizontal","isPartOf":{"@id":"https:\/\/ebakislicer.com\/#website"},"primaryImageOfPage":{"@id":"https:\/\/ebakislicer.com\/pt-br\/2022\/03\/28\/feria-rennes-cfia-2022\/#primaryimage"},"image":{"@id":"https:\/\/ebakislicer.com\/pt-br\/2022\/03\/28\/feria-rennes-cfia-2022\/#primaryimage"},"thumbnailUrl":"https:\/\/ebakislicer.com\/wp-content\/uploads\/2022\/03\/cfia-rennes2022.jpg","datePublished":"2022-03-28T09:37:52+00:00","dateModified":"2022-03-28T09:39:05+00:00","breadcrumb":{"@id":"https:\/\/ebakislicer.com\/pt-br\/2022\/03\/28\/feria-rennes-cfia-2022\/#breadcrumb"},"inLanguage":"pt-BR","potentialAction":[{"@type":"ReadAction","target":["https:\/\/ebakislicer.com\/pt-br\/2022\/03\/28\/feria-rennes-cfia-2022\/"]}]},{"@type":"ImageObject","inLanguage":"pt-BR","@id":"https:\/\/ebakislicer.com\/pt-br\/2022\/03\/28\/feria-rennes-cfia-2022\/#primaryimage","url":"https:\/\/ebakislicer.com\/wp-content\/uploads\/2022\/03\/cfia-rennes2022.jpg","contentUrl":"https:\/\/ebakislicer.com\/wp-content\/uploads\/2022\/03\/cfia-rennes2022.jpg","width":850,"height":637,"caption":"Feria de alimentaci\u00f3n Cfia Rennes (Francia)"},{"@type":"BreadcrumbList","@id":"https:\/\/ebakislicer.com\/pt-br\/2022\/03\/28\/feria-rennes-cfia-2022\/#breadcrumb","itemListElement":[{"@type":"ListItem","position":1,"name":"Portada","item":"https:\/\/ebakislicer.com\/pt-br\/"},{"@type":"ListItem","position":2,"name":"RENNES CFIA 2022"}]},{"@type":"WebSite","@id":"https:\/\/ebakislicer.com\/#website","url":"https:\/\/ebakislicer.com\/","name":"Ebakislicer - Fileteadora horizontal de carne","description":"EBAKI: fileteadora industrial de pollo y carne sin hueso. Cortadora horizontal","publisher":{"@id":"https:\/\/ebakislicer.com\/#organization"},"alternateName":"EBAKI \u2013 Fileteadora de pollo","potentialAction":[{"@type":"SearchAction","target":{"@type":"EntryPoint","urlTemplate":"https:\/\/ebakislicer.com\/?s={search_term_string}"},"query-input":{"@type":"PropertyValueSpecification","valueRequired":true,"valueName":"search_term_string"}}],"inLanguage":"pt-BR"},{"@type":"Organization","@id":"https:\/\/ebakislicer.com\/#organization","name":"Ebakislicer - Fileteadora horizontal de carne","url":"https:\/\/ebakislicer.com\/","logo":{"@type":"ImageObject","inLanguage":"pt-BR","@id":"https:\/\/ebakislicer.com\/#\/schema\/logo\/image\/","url":"https:\/\/ebakislicer.com\/wp-content\/uploads\/2025\/07\/EBAKI-logo.png","contentUrl":"https:\/\/ebakislicer.com\/wp-content\/uploads\/2025\/07\/EBAKI-logo.png","width":2362,"height":720,"caption":"Ebakislicer - Fileteadora horizontal de carne"},"image":{"@id":"https:\/\/ebakislicer.com\/#\/schema\/logo\/image\/"},"sameAs":["https:\/\/www.instagram.com\/dimaq.ebaki\/","https:\/\/www.linkedin.com\/company\/dimaq-xxi-s-l","https:\/\/www.youtube.com\/@DIMAQXXI"]},{"@type":"Person","@id":"https:\/\/ebakislicer.com\/#\/schema\/person\/fa1c44d6ef0eb49a86457fce0fa1dd16","name":"Mila","image":{"@type":"ImageObject","inLanguage":"pt-BR","@id":"https:\/\/secure.gravatar.com\/avatar\/68fc130d14ef4894cfcbfc73b8194d8b5c904d3b4e41ad63f52e5a762fa9613c?s=96&d=mm&r=g","url":"https:\/\/secure.gravatar.com\/avatar\/68fc130d14ef4894cfcbfc73b8194d8b5c904d3b4e41ad63f52e5a762fa9613c?s=96&d=mm&r=g","contentUrl":"https:\/\/secure.gravatar.com\/avatar\/68fc130d14ef4894cfcbfc73b8194d8b5c904d3b4e41ad63f52e5a762fa9613c?s=96&d=mm&r=g","caption":"Mila"},"url":"https:\/\/ebakislicer.com\/pt-br\/author\/mila\/"}]}},"_links":{"self":[{"href":"https:\/\/ebakislicer.com\/pt-br\/wp-json\/wp\/v2\/posts\/1769","targetHints":{"allow":["GET"]}}],"collection":[{"href":"https:\/\/ebakislicer.com\/pt-br\/wp-json\/wp\/v2\/posts"}],"about":[{"href":"https:\/\/ebakislicer.com\/pt-br\/wp-json\/wp\/v2\/types\/post"}],"author":[{"embeddable":true,"href":"https:\/\/ebakislicer.com\/pt-br\/wp-json\/wp\/v2\/users\/2"}],"replies":[{"embeddable":true,"href":"https:\/\/ebakislicer.com\/pt-br\/wp-json\/wp\/v2\/comments?post=1769"}],"version-history":[{"count":1,"href":"https:\/\/ebakislicer.com\/pt-br\/wp-json\/wp\/v2\/posts\/1769\/revisions"}],"predecessor-version":[{"id":1770,"href":"https:\/\/ebakislicer.com\/pt-br\/wp-json\/wp\/v2\/posts\/1769\/revisions\/1770"}],"wp:featuredmedia":[{"embeddable":true,"href":"https:\/\/ebakislicer.com\/pt-br\/wp-json\/wp\/v2\/media\/1760"}],"wp:attachment":[{"href":"https:\/\/ebakislicer.com\/pt-br\/wp-json\/wp\/v2\/media?parent=1769"}],"wp:term":[{"taxonomy":"category","embeddable":true,"href":"https:\/\/ebakislicer.com\/pt-br\/wp-json\/wp\/v2\/categories?post=1769"},{"taxonomy":"post_tag","embeddable":true,"href":"https:\/\/ebakislicer.com\/pt-br\/wp-json\/wp\/v2\/tags?post=1769"}],"curies":[{"name":"wp","href":"https:\/\/api.w.org\/{rel}","templated":true}]}}