{"id":2171,"date":"2024-06-20T16:35:15","date_gmt":"2024-06-20T16:35:15","guid":{"rendered":"https:\/\/ebakislicer.com\/2024\/06\/20\/propak-asia-2024\/"},"modified":"2024-06-21T10:04:26","modified_gmt":"2024-06-21T10:04:26","slug":"propak-asia-2024","status":"publish","type":"post","link":"https:\/\/ebakislicer.com\/fr\/2024\/06\/20\/propak-asia-2024\/","title":{"rendered":"ProPak Asia 2024"},"content":{"rendered":"<p>Le 15 juin, nous avons conclu notre participation au salon <a href=\"https:\/\/www.propakasia.com\/ppka\/2025\/en\/index.asp\" target=\"_blank\" rel=\"noopener\">ProPak Asia<\/a> avec beaucoup d&rsquo;enthousiasme.<\/p>\n<p>Nous avons pr\u00e9sent\u00e9 pour la premi\u00e8re fois l&rsquo;<a href=\"https:\/\/ebakislicer.com\/fr\/ebaki-mini\/\">Ebaki mini<\/a>, notre plus petite trancheuse horizontale, \u00a1et ce fut un grand succ\u00e8s ! \ud83d\udc4f<\/p>\n<p>Nous \u00e9tions pr\u00e9sents au salon de Bangkok du 12 au 15 juin sur le stand de notre distributeur EBAKI, <a href=\"https:\/\/www.fpt-asia.com\/en\/\" target=\"_blank\" rel=\"noopener\">FPT-Asia,<\/a> pour d\u00e9montrer les avantages de notre superbe petite EBAKI mini.<\/p>\n<p>ProPak Asia est le lieu o\u00f9 l&rsquo;excellence en mati\u00e8re de traitement et d&#8217;emballage r\u00e9pond aux exigences de la cha\u00eene d&rsquo;approvisionnement et de valeur. Une nouvelle ann\u00e9e couronn\u00e9e de succ\u00e8s s&rsquo;est achev\u00e9e, favorisant la collaboration entre les entreprises et g\u00e9n\u00e9rant une valeur significative dans divers domaines de l&rsquo;industrie. ProPak Asia s&rsquo;engage \u00e0 soutenir le succ\u00e8s durable de l&rsquo;industrie en encourageant l&rsquo;id\u00e9ation, l&rsquo;innovation et l&rsquo;investissement.<\/p>\n","protected":false},"excerpt":{"rendered":"<p>Le 15 juin, nous avons conclu notre participation au salon [&hellip;]<\/p>\n","protected":false},"author":5,"featured_media":2158,"comment_status":"closed","ping_status":"closed","sticky":false,"template":"","format":"standard","meta":{"footnotes":""},"categories":[120,9,12],"tags":[191,47,50,8,192,193,37,40],"class_list":["post-2171","post","type-post","status-publish","format-standard","has-post-thumbnail","hentry","category-ferias","category-maquinaria-de-alimentacion","category-non-classifiee","tag-bangkok","tag-ebaki-mini","tag-feria","tag-filetera-horizontal","tag-fpt-asia","tag-propak-asia","tag-salons","tag-trancheuse-horizontal"],"yoast_head":"<!-- This site is optimized with the Yoast SEO plugin v27.5 - https:\/\/yoast.com\/product\/yoast-seo-wordpress\/ -->\n<title>EBAKI mini \u00e0 ProPak Asia 2024 - EBAKI Fileteadora Industrial de Pollo y Carne | Cortadora Horizontal<\/title>\n<meta name=\"description\" content=\"Nous nous sommes rendus avec l&#039;EBAKI mini, notre plus petite trancheuse, \u00e0 ProPak Asia 2024 et ce fut un grand succ\u00e8s !!!!. \ud83d\udc4f\" \/>\n<meta name=\"robots\" content=\"index, follow, max-snippet:-1, max-image-preview:large, max-video-preview:-1\" \/>\n<link rel=\"canonical\" href=\"https:\/\/ebakislicer.com\/fr\/2024\/06\/20\/propak-asia-2024\/\" \/>\n<meta property=\"og:locale\" content=\"fr_FR\" \/>\n<meta property=\"og:type\" content=\"article\" \/>\n<meta property=\"og:title\" content=\"EBAKI mini \u00e0 ProPak Asia 2024 - EBAKI Fileteadora Industrial de Pollo y Carne | Cortadora Horizontal\" \/>\n<meta property=\"og:description\" content=\"Nous nous sommes rendus avec l&#039;EBAKI mini, notre plus petite trancheuse, \u00e0 ProPak Asia 2024 et ce fut un grand succ\u00e8s !!!!. \ud83d\udc4f\" \/>\n<meta property=\"og:url\" content=\"https:\/\/ebakislicer.com\/fr\/2024\/06\/20\/propak-asia-2024\/\" \/>\n<meta property=\"og:site_name\" content=\"EBAKI Fileteadora Industrial de Pollo y Carne | Cortadora Horizontal\" \/>\n<meta property=\"article:published_time\" content=\"2024-06-20T16:35:15+00:00\" \/>\n<meta property=\"article:modified_time\" content=\"2024-06-21T10:04:26+00:00\" \/>\n<meta property=\"og:image\" content=\"https:\/\/ebakislicer.com\/wp-content\/uploads\/2024\/06\/Ebaki_Ainhoa_ProPakAsia24_web.jpg\" \/>\n\t<meta property=\"og:image:width\" content=\"850\" \/>\n\t<meta property=\"og:image:height\" content=\"637\" \/>\n\t<meta property=\"og:image:type\" content=\"image\/jpeg\" \/>\n<meta name=\"author\" content=\"Rosa Guti\u00e9rrez-Del Olmo\" \/>\n<meta name=\"twitter:card\" content=\"summary_large_image\" \/>\n<meta name=\"twitter:label1\" content=\"\u00c9crit par\" \/>\n\t<meta name=\"twitter:data1\" content=\"Rosa Guti\u00e9rrez-Del Olmo\" \/>\n\t<meta name=\"twitter:label2\" content=\"Dur\u00e9e de lecture estim\u00e9e\" \/>\n\t<meta name=\"twitter:data2\" content=\"1 minute\" \/>\n<script type=\"application\/ld+json\" class=\"yoast-schema-graph\">{\"@context\":\"https:\\\/\\\/schema.org\",\"@graph\":[{\"@type\":\"Article\",\"@id\":\"https:\\\/\\\/ebakislicer.com\\\/fr\\\/2024\\\/06\\\/20\\\/propak-asia-2024\\\/#article\",\"isPartOf\":{\"@id\":\"https:\\\/\\\/ebakislicer.com\\\/fr\\\/2024\\\/06\\\/20\\\/propak-asia-2024\\\/\"},\"author\":{\"name\":\"Rosa Guti\u00e9rrez-Del Olmo\",\"@id\":\"https:\\\/\\\/ebakislicer.com\\\/#\\\/schema\\\/person\\\/992be7527d938752eb3a024edb08c670\"},\"headline\":\"ProPak Asia 2024\",\"datePublished\":\"2024-06-20T16:35:15+00:00\",\"dateModified\":\"2024-06-21T10:04:26+00:00\",\"mainEntityOfPage\":{\"@id\":\"https:\\\/\\\/ebakislicer.com\\\/fr\\\/2024\\\/06\\\/20\\\/propak-asia-2024\\\/\"},\"wordCount\":154,\"publisher\":{\"@id\":\"https:\\\/\\\/ebakislicer.com\\\/#organization\"},\"image\":{\"@id\":\"https:\\\/\\\/ebakislicer.com\\\/fr\\\/2024\\\/06\\\/20\\\/propak-asia-2024\\\/#primaryimage\"},\"thumbnailUrl\":\"https:\\\/\\\/ebakislicer.com\\\/wp-content\\\/uploads\\\/2024\\\/06\\\/Ebaki_Ainhoa_ProPakAsia24_web.jpg\",\"keywords\":[\"bangkok\",\"Ebaki mini\",\"feria\",\"Filetera horizontal\",\"fpt asia\",\"ProPak Asia\",\"Salons\",\"Trancheuse horizontale\"],\"articleSection\":[\"Ferias\",\"Maquinaria de alimentaci\u00f3n\",\"Non classifi\u00e9(e)\"],\"inLanguage\":\"fr-FR\"},{\"@type\":\"WebPage\",\"@id\":\"https:\\\/\\\/ebakislicer.com\\\/fr\\\/2024\\\/06\\\/20\\\/propak-asia-2024\\\/\",\"url\":\"https:\\\/\\\/ebakislicer.com\\\/fr\\\/2024\\\/06\\\/20\\\/propak-asia-2024\\\/\",\"name\":\"EBAKI mini \u00e0 ProPak Asia 2024 - EBAKI Fileteadora Industrial de Pollo y Carne | Cortadora Horizontal\",\"isPartOf\":{\"@id\":\"https:\\\/\\\/ebakislicer.com\\\/#website\"},\"primaryImageOfPage\":{\"@id\":\"https:\\\/\\\/ebakislicer.com\\\/fr\\\/2024\\\/06\\\/20\\\/propak-asia-2024\\\/#primaryimage\"},\"image\":{\"@id\":\"https:\\\/\\\/ebakislicer.com\\\/fr\\\/2024\\\/06\\\/20\\\/propak-asia-2024\\\/#primaryimage\"},\"thumbnailUrl\":\"https:\\\/\\\/ebakislicer.com\\\/wp-content\\\/uploads\\\/2024\\\/06\\\/Ebaki_Ainhoa_ProPakAsia24_web.jpg\",\"datePublished\":\"2024-06-20T16:35:15+00:00\",\"dateModified\":\"2024-06-21T10:04:26+00:00\",\"description\":\"Nous nous sommes rendus avec l'EBAKI mini, notre plus petite trancheuse, \u00e0 ProPak Asia 2024 et ce fut un grand succ\u00e8s !!!!. \ud83d\udc4f\",\"breadcrumb\":{\"@id\":\"https:\\\/\\\/ebakislicer.com\\\/fr\\\/2024\\\/06\\\/20\\\/propak-asia-2024\\\/#breadcrumb\"},\"inLanguage\":\"fr-FR\",\"potentialAction\":[{\"@type\":\"ReadAction\",\"target\":[\"https:\\\/\\\/ebakislicer.com\\\/fr\\\/2024\\\/06\\\/20\\\/propak-asia-2024\\\/\"]}]},{\"@type\":\"ImageObject\",\"inLanguage\":\"fr-FR\",\"@id\":\"https:\\\/\\\/ebakislicer.com\\\/fr\\\/2024\\\/06\\\/20\\\/propak-asia-2024\\\/#primaryimage\",\"url\":\"https:\\\/\\\/ebakislicer.com\\\/wp-content\\\/uploads\\\/2024\\\/06\\\/Ebaki_Ainhoa_ProPakAsia24_web.jpg\",\"contentUrl\":\"https:\\\/\\\/ebakislicer.com\\\/wp-content\\\/uploads\\\/2024\\\/06\\\/Ebaki_Ainhoa_ProPakAsia24_web.jpg\",\"width\":850,\"height\":637,\"caption\":\"Ebaki mini \u00e0 ProPak Asia 2024\"},{\"@type\":\"BreadcrumbList\",\"@id\":\"https:\\\/\\\/ebakislicer.com\\\/fr\\\/2024\\\/06\\\/20\\\/propak-asia-2024\\\/#breadcrumb\",\"itemListElement\":[{\"@type\":\"ListItem\",\"position\":1,\"name\":\"Portada\",\"item\":\"https:\\\/\\\/ebakislicer.com\\\/fr\\\/\"},{\"@type\":\"ListItem\",\"position\":2,\"name\":\"ProPak Asia 2024\"}]},{\"@type\":\"WebSite\",\"@id\":\"https:\\\/\\\/ebakislicer.com\\\/#website\",\"url\":\"https:\\\/\\\/ebakislicer.com\\\/\",\"name\":\"Ebakislicer - Fileteadora horizontal de carne\",\"description\":\"EBAKI: fileteadora industrial de pollo y carne sin hueso. Cortadora horizontal\",\"publisher\":{\"@id\":\"https:\\\/\\\/ebakislicer.com\\\/#organization\"},\"alternateName\":\"EBAKI \u2013 Fileteadora de pollo\",\"potentialAction\":[{\"@type\":\"SearchAction\",\"target\":{\"@type\":\"EntryPoint\",\"urlTemplate\":\"https:\\\/\\\/ebakislicer.com\\\/?s={search_term_string}\"},\"query-input\":{\"@type\":\"PropertyValueSpecification\",\"valueRequired\":true,\"valueName\":\"search_term_string\"}}],\"inLanguage\":\"fr-FR\"},{\"@type\":\"Organization\",\"@id\":\"https:\\\/\\\/ebakislicer.com\\\/#organization\",\"name\":\"Ebakislicer - Fileteadora horizontal de carne\",\"url\":\"https:\\\/\\\/ebakislicer.com\\\/\",\"logo\":{\"@type\":\"ImageObject\",\"inLanguage\":\"fr-FR\",\"@id\":\"https:\\\/\\\/ebakislicer.com\\\/#\\\/schema\\\/logo\\\/image\\\/\",\"url\":\"https:\\\/\\\/ebakislicer.com\\\/wp-content\\\/uploads\\\/2025\\\/07\\\/EBAKI-logo.png\",\"contentUrl\":\"https:\\\/\\\/ebakislicer.com\\\/wp-content\\\/uploads\\\/2025\\\/07\\\/EBAKI-logo.png\",\"width\":2362,\"height\":720,\"caption\":\"Ebakislicer - Fileteadora horizontal de carne\"},\"image\":{\"@id\":\"https:\\\/\\\/ebakislicer.com\\\/#\\\/schema\\\/logo\\\/image\\\/\"},\"sameAs\":[\"https:\\\/\\\/www.instagram.com\\\/dimaq.ebaki\\\/\",\"https:\\\/\\\/www.linkedin.com\\\/company\\\/dimaq-xxi-s-l\",\"https:\\\/\\\/www.youtube.com\\\/@DIMAQXXI\"]},{\"@type\":\"Person\",\"@id\":\"https:\\\/\\\/ebakislicer.com\\\/#\\\/schema\\\/person\\\/992be7527d938752eb3a024edb08c670\",\"name\":\"Rosa Guti\u00e9rrez-Del Olmo\",\"image\":{\"@type\":\"ImageObject\",\"inLanguage\":\"fr-FR\",\"@id\":\"https:\\\/\\\/secure.gravatar.com\\\/avatar\\\/70a217bc77f5dcd18115065bc07740359b2778ac864235f6fe9295ea5c34463f?s=96&d=mm&r=g\",\"url\":\"https:\\\/\\\/secure.gravatar.com\\\/avatar\\\/70a217bc77f5dcd18115065bc07740359b2778ac864235f6fe9295ea5c34463f?s=96&d=mm&r=g\",\"contentUrl\":\"https:\\\/\\\/secure.gravatar.com\\\/avatar\\\/70a217bc77f5dcd18115065bc07740359b2778ac864235f6fe9295ea5c34463f?s=96&d=mm&r=g\",\"caption\":\"Rosa Guti\u00e9rrez-Del Olmo\"},\"url\":\"https:\\\/\\\/ebakislicer.com\\\/fr\\\/author\\\/rosa\\\/\"}]}<\/script>\n<!-- \/ Yoast SEO plugin. -->","yoast_head_json":{"title":"EBAKI mini \u00e0 ProPak Asia 2024 - EBAKI Fileteadora Industrial de Pollo y Carne | Cortadora Horizontal","description":"Nous nous sommes rendus avec l'EBAKI mini, notre plus petite trancheuse, \u00e0 ProPak Asia 2024 et ce fut un grand succ\u00e8s !!!!. \ud83d\udc4f","robots":{"index":"index","follow":"follow","max-snippet":"max-snippet:-1","max-image-preview":"max-image-preview:large","max-video-preview":"max-video-preview:-1"},"canonical":"https:\/\/ebakislicer.com\/fr\/2024\/06\/20\/propak-asia-2024\/","og_locale":"fr_FR","og_type":"article","og_title":"EBAKI mini \u00e0 ProPak Asia 2024 - EBAKI Fileteadora Industrial de Pollo y Carne | Cortadora Horizontal","og_description":"Nous nous sommes rendus avec l'EBAKI mini, notre plus petite trancheuse, \u00e0 ProPak Asia 2024 et ce fut un grand succ\u00e8s !!!!. \ud83d\udc4f","og_url":"https:\/\/ebakislicer.com\/fr\/2024\/06\/20\/propak-asia-2024\/","og_site_name":"EBAKI Fileteadora Industrial de Pollo y Carne | Cortadora Horizontal","article_published_time":"2024-06-20T16:35:15+00:00","article_modified_time":"2024-06-21T10:04:26+00:00","og_image":[{"width":850,"height":637,"url":"https:\/\/ebakislicer.com\/wp-content\/uploads\/2024\/06\/Ebaki_Ainhoa_ProPakAsia24_web.jpg","type":"image\/jpeg"}],"author":"Rosa Guti\u00e9rrez-Del Olmo","twitter_card":"summary_large_image","twitter_misc":{"\u00c9crit par":"Rosa Guti\u00e9rrez-Del Olmo","Dur\u00e9e de lecture estim\u00e9e":"1 minute"},"schema":{"@context":"https:\/\/schema.org","@graph":[{"@type":"Article","@id":"https:\/\/ebakislicer.com\/fr\/2024\/06\/20\/propak-asia-2024\/#article","isPartOf":{"@id":"https:\/\/ebakislicer.com\/fr\/2024\/06\/20\/propak-asia-2024\/"},"author":{"name":"Rosa Guti\u00e9rrez-Del Olmo","@id":"https:\/\/ebakislicer.com\/#\/schema\/person\/992be7527d938752eb3a024edb08c670"},"headline":"ProPak Asia 2024","datePublished":"2024-06-20T16:35:15+00:00","dateModified":"2024-06-21T10:04:26+00:00","mainEntityOfPage":{"@id":"https:\/\/ebakislicer.com\/fr\/2024\/06\/20\/propak-asia-2024\/"},"wordCount":154,"publisher":{"@id":"https:\/\/ebakislicer.com\/#organization"},"image":{"@id":"https:\/\/ebakislicer.com\/fr\/2024\/06\/20\/propak-asia-2024\/#primaryimage"},"thumbnailUrl":"https:\/\/ebakislicer.com\/wp-content\/uploads\/2024\/06\/Ebaki_Ainhoa_ProPakAsia24_web.jpg","keywords":["bangkok","Ebaki mini","feria","Filetera horizontal","fpt asia","ProPak Asia","Salons","Trancheuse horizontale"],"articleSection":["Ferias","Maquinaria de alimentaci\u00f3n","Non classifi\u00e9(e)"],"inLanguage":"fr-FR"},{"@type":"WebPage","@id":"https:\/\/ebakislicer.com\/fr\/2024\/06\/20\/propak-asia-2024\/","url":"https:\/\/ebakislicer.com\/fr\/2024\/06\/20\/propak-asia-2024\/","name":"EBAKI mini \u00e0 ProPak Asia 2024 - EBAKI Fileteadora Industrial de Pollo y Carne | Cortadora Horizontal","isPartOf":{"@id":"https:\/\/ebakislicer.com\/#website"},"primaryImageOfPage":{"@id":"https:\/\/ebakislicer.com\/fr\/2024\/06\/20\/propak-asia-2024\/#primaryimage"},"image":{"@id":"https:\/\/ebakislicer.com\/fr\/2024\/06\/20\/propak-asia-2024\/#primaryimage"},"thumbnailUrl":"https:\/\/ebakislicer.com\/wp-content\/uploads\/2024\/06\/Ebaki_Ainhoa_ProPakAsia24_web.jpg","datePublished":"2024-06-20T16:35:15+00:00","dateModified":"2024-06-21T10:04:26+00:00","description":"Nous nous sommes rendus avec l'EBAKI mini, notre plus petite trancheuse, \u00e0 ProPak Asia 2024 et ce fut un grand succ\u00e8s !!!!. \ud83d\udc4f","breadcrumb":{"@id":"https:\/\/ebakislicer.com\/fr\/2024\/06\/20\/propak-asia-2024\/#breadcrumb"},"inLanguage":"fr-FR","potentialAction":[{"@type":"ReadAction","target":["https:\/\/ebakislicer.com\/fr\/2024\/06\/20\/propak-asia-2024\/"]}]},{"@type":"ImageObject","inLanguage":"fr-FR","@id":"https:\/\/ebakislicer.com\/fr\/2024\/06\/20\/propak-asia-2024\/#primaryimage","url":"https:\/\/ebakislicer.com\/wp-content\/uploads\/2024\/06\/Ebaki_Ainhoa_ProPakAsia24_web.jpg","contentUrl":"https:\/\/ebakislicer.com\/wp-content\/uploads\/2024\/06\/Ebaki_Ainhoa_ProPakAsia24_web.jpg","width":850,"height":637,"caption":"Ebaki mini \u00e0 ProPak Asia 2024"},{"@type":"BreadcrumbList","@id":"https:\/\/ebakislicer.com\/fr\/2024\/06\/20\/propak-asia-2024\/#breadcrumb","itemListElement":[{"@type":"ListItem","position":1,"name":"Portada","item":"https:\/\/ebakislicer.com\/fr\/"},{"@type":"ListItem","position":2,"name":"ProPak Asia 2024"}]},{"@type":"WebSite","@id":"https:\/\/ebakislicer.com\/#website","url":"https:\/\/ebakislicer.com\/","name":"Ebakislicer - Fileteadora horizontal de carne","description":"EBAKI: fileteadora industrial de pollo y carne sin hueso. Cortadora horizontal","publisher":{"@id":"https:\/\/ebakislicer.com\/#organization"},"alternateName":"EBAKI \u2013 Fileteadora de pollo","potentialAction":[{"@type":"SearchAction","target":{"@type":"EntryPoint","urlTemplate":"https:\/\/ebakislicer.com\/?s={search_term_string}"},"query-input":{"@type":"PropertyValueSpecification","valueRequired":true,"valueName":"search_term_string"}}],"inLanguage":"fr-FR"},{"@type":"Organization","@id":"https:\/\/ebakislicer.com\/#organization","name":"Ebakislicer - Fileteadora horizontal de carne","url":"https:\/\/ebakislicer.com\/","logo":{"@type":"ImageObject","inLanguage":"fr-FR","@id":"https:\/\/ebakislicer.com\/#\/schema\/logo\/image\/","url":"https:\/\/ebakislicer.com\/wp-content\/uploads\/2025\/07\/EBAKI-logo.png","contentUrl":"https:\/\/ebakislicer.com\/wp-content\/uploads\/2025\/07\/EBAKI-logo.png","width":2362,"height":720,"caption":"Ebakislicer - Fileteadora horizontal de carne"},"image":{"@id":"https:\/\/ebakislicer.com\/#\/schema\/logo\/image\/"},"sameAs":["https:\/\/www.instagram.com\/dimaq.ebaki\/","https:\/\/www.linkedin.com\/company\/dimaq-xxi-s-l","https:\/\/www.youtube.com\/@DIMAQXXI"]},{"@type":"Person","@id":"https:\/\/ebakislicer.com\/#\/schema\/person\/992be7527d938752eb3a024edb08c670","name":"Rosa Guti\u00e9rrez-Del Olmo","image":{"@type":"ImageObject","inLanguage":"fr-FR","@id":"https:\/\/secure.gravatar.com\/avatar\/70a217bc77f5dcd18115065bc07740359b2778ac864235f6fe9295ea5c34463f?s=96&d=mm&r=g","url":"https:\/\/secure.gravatar.com\/avatar\/70a217bc77f5dcd18115065bc07740359b2778ac864235f6fe9295ea5c34463f?s=96&d=mm&r=g","contentUrl":"https:\/\/secure.gravatar.com\/avatar\/70a217bc77f5dcd18115065bc07740359b2778ac864235f6fe9295ea5c34463f?s=96&d=mm&r=g","caption":"Rosa Guti\u00e9rrez-Del Olmo"},"url":"https:\/\/ebakislicer.com\/fr\/author\/rosa\/"}]}},"_links":{"self":[{"href":"https:\/\/ebakislicer.com\/fr\/wp-json\/wp\/v2\/posts\/2171","targetHints":{"allow":["GET"]}}],"collection":[{"href":"https:\/\/ebakislicer.com\/fr\/wp-json\/wp\/v2\/posts"}],"about":[{"href":"https:\/\/ebakislicer.com\/fr\/wp-json\/wp\/v2\/types\/post"}],"author":[{"embeddable":true,"href":"https:\/\/ebakislicer.com\/fr\/wp-json\/wp\/v2\/users\/5"}],"replies":[{"embeddable":true,"href":"https:\/\/ebakislicer.com\/fr\/wp-json\/wp\/v2\/comments?post=2171"}],"version-history":[{"count":2,"href":"https:\/\/ebakislicer.com\/fr\/wp-json\/wp\/v2\/posts\/2171\/revisions"}],"predecessor-version":[{"id":2173,"href":"https:\/\/ebakislicer.com\/fr\/wp-json\/wp\/v2\/posts\/2171\/revisions\/2173"}],"wp:featuredmedia":[{"embeddable":true,"href":"https:\/\/ebakislicer.com\/fr\/wp-json\/wp\/v2\/media\/2158"}],"wp:attachment":[{"href":"https:\/\/ebakislicer.com\/fr\/wp-json\/wp\/v2\/media?parent=2171"}],"wp:term":[{"taxonomy":"category","embeddable":true,"href":"https:\/\/ebakislicer.com\/fr\/wp-json\/wp\/v2\/categories?post=2171"},{"taxonomy":"post_tag","embeddable":true,"href":"https:\/\/ebakislicer.com\/fr\/wp-json\/wp\/v2\/tags?post=2171"}],"curies":[{"name":"wp","href":"https:\/\/api.w.org\/{rel}","templated":true}]}}